{"id":138,"date":"2024-10-30T18:37:00","date_gmt":"2024-10-30T17:37:00","guid":{"rendered":"https:\/\/meditacija-m.com\/?p=138"},"modified":"2024-11-13T16:34:05","modified_gmt":"2024-11-13T15:34:05","slug":"trodnevno-vipassana-povlacenje-s-mislavom-19-22-09-2024","status":"publish","type":"post","link":"https:\/\/meditacija-m.com\/index.php\/2024\/10\/30\/trodnevno-vipassana-povlacenje-s-mislavom-19-22-09-2024\/","title":{"rendered":"Trodnevno vipassana povla\u010denje s Mislavom 5.-8.12.2024."},"content":{"rendered":"\n[et_pb_section fb_built=&#8221;1&#8243; _builder_version=&#8221;4.23.4&#8243; _module_preset=&#8221;default&#8221; custom_padding=&#8221;0px|||||&#8221; global_colors_info=&#8221;{}&#8221;][et_pb_row _builder_version=&#8221;4.23.4&#8243; _module_preset=&#8221;default&#8221; global_colors_info=&#8221;{}&#8221;][et_pb_column type=&#8221;4_4&#8243; _builder_version=&#8221;4.23.4&#8243; _module_preset=&#8221;default&#8221; global_colors_info=&#8221;{}&#8221;][et_pb_text _builder_version=&#8221;4.27.0&#8243; _module_preset=&#8221;default&#8221; hover_enabled=&#8221;0&#8243; global_colors_info=&#8221;{}&#8221; sticky_enabled=&#8221;0&#8243;]<p><span>Dragi svi,\u00a0<\/span><\/p>\n<p><span>obavje\u0161tavamo vas da \u0107e se od 5. &#8211; 8.12.2024. odr\u017eati vipassana meditacijsko povla\u010denje s Mislavom u Vratima, Gorski Kotar. Povla\u010denje po\u010dinje 5.12. u 19h, a zavr\u0161ava 8.12. iza ru\u010dka, oko 15h. Napominjemo da u slu\u010daju potrebe postoji mogu\u0107nost stipendiranja.<\/span><\/p>\n<p><span>Za informacije o povla\u010denju i uputama za uplatu kliknite ovdje:<\/span><br \/><a href=\"https:\/\/docs.google.com\/document\/d\/16fb9eeE6V-YoihYSPZGdiEc22X7GJTA-_uTfeUcTdMs\/edit?usp=sharing\" target=\"_blank\" rel=\"noopener\">Info o povla\u010denju<\/a><\/p>\n<p><span>Za prijavu na povla\u010denje kliknite ovdje:\u00a0<\/span><br \/><a href=\"https:\/\/forms.gle\/wnX4FxtpJKK2XdQC9\" target=\"_blank\" rel=\"noopener\">Prijava na povla\u010denje<\/a><\/p>\n<p><span>Za sva pitanja molimo vas da pi\u0161ete organizatorici povla\u010denja Ines na\u00a0<\/span><a href=\"mailto:meditacija.m@gmail.com\" target=\"_blank\" rel=\"noopener\">meditacija.m@gmail.com<\/a><\/p>\n<p><span>Svako dobro \ud83d\udc95<\/span><\/p>[\/et_pb_text][\/et_pb_column][\/et_pb_row][\/et_pb_section]\n","protected":false},"excerpt":{"rendered":"<p>Dragi svi,\u00a0 obavje\u0161tavamo vas da \u0107e se od 5. &#8211; 8.12.2024. odr\u017eati vipassana meditacijsko povla\u010denje s Mislavom u Vratima, Gorski Kotar. Povla\u010denje po\u010dinje 5.12. u 19h, a zavr\u0161ava 8.12. iza ru\u010dka, oko 15h. Napominjemo da u slu\u010daju potrebe postoji mogu\u0107nost stipendiranja. Za informacije o povla\u010denju i uputama za uplatu kliknite ovdje:Info o povla\u010denju Za prijavu [&hellip;]<\/p>\n","protected":false},"author":1,"featured_media":0,"comment_status":"closed","ping_status":"open","sticky":false,"template":"","format":"standard","meta":{"_et_pb_use_builder":"on","_et_pb_old_content":"","_et_gb_content_width":"","footnotes":""},"categories":[11,10,1],"tags":[],"class_list":["post-138","post","type-post","status-publish","format-standard","hentry","category-obavijesti","category-povlacenja","category-uncategorized"],"_links":{"self":[{"href":"https:\/\/meditacija-m.com\/index.php\/wp-json\/wp\/v2\/posts\/138","targetHints":{"allow":["GET"]}}],"collection":[{"href":"https:\/\/meditacija-m.com\/index.php\/wp-json\/wp\/v2\/posts"}],"about":[{"href":"https:\/\/meditacija-m.com\/index.php\/wp-json\/wp\/v2\/types\/post"}],"author":[{"embeddable":true,"href":"https:\/\/meditacija-m.com\/index.php\/wp-json\/wp\/v2\/users\/1"}],"replies":[{"embeddable":true,"href":"https:\/\/meditacija-m.com\/index.php\/wp-json\/wp\/v2\/comments?post=138"}],"version-history":[{"count":8,"href":"https:\/\/meditacija-m.com\/index.php\/wp-json\/wp\/v2\/posts\/138\/revisions"}],"predecessor-version":[{"id":445,"href":"https:\/\/meditacija-m.com\/index.php\/wp-json\/wp\/v2\/posts\/138\/revisions\/445"}],"wp:attachment":[{"href":"https:\/\/meditacija-m.com\/index.php\/wp-json\/wp\/v2\/media?parent=138"}],"wp:term":[{"taxonomy":"category","embeddable":true,"href":"https:\/\/meditacija-m.com\/index.php\/wp-json\/wp\/v2\/categories?post=138"},{"taxonomy":"post_tag","embeddable":true,"href":"https:\/\/meditacija-m.com\/index.php\/wp-json\/wp\/v2\/tags?post=138"}],"curies":[{"name":"wp","href":"https:\/\/api.w.org\/{rel}","templated":true}]}}