{"id":479,"date":"2024-11-14T11:48:59","date_gmt":"2024-11-14T10:48:59","guid":{"rendered":"https:\/\/meditacija-m.com\/?p=479"},"modified":"2024-11-14T11:48:59","modified_gmt":"2024-11-14T10:48:59","slug":"povlacenje-5-8-12-2024","status":"publish","type":"post","link":"https:\/\/meditacija-m.com\/index.php\/2024\/11\/14\/povlacenje-5-8-12-2024\/","title":{"rendered":"Povla\u010denje 5-8.12.2024."},"content":{"rendered":"<p>[et_pb_section fb_built=&#8221;1&#8243; _builder_version=&#8221;4.23.4&#8243; _module_preset=&#8221;default&#8221; custom_padding=&#8221;0px|||||&#8221; global_colors_info=&#8221;{}&#8221; theme_builder_area=&#8221;post_content&#8221;][et_pb_row _builder_version=&#8221;4.23.4&#8243; _module_preset=&#8221;default&#8221; global_colors_info=&#8221;{}&#8221; theme_builder_area=&#8221;post_content&#8221;][et_pb_column type=&#8221;4_4&#8243; _builder_version=&#8221;4.23.4&#8243; _module_preset=&#8221;default&#8221; global_colors_info=&#8221;{}&#8221; theme_builder_area=&#8221;post_content&#8221;][et_pb_text _builder_version=&#8221;4.27.0&#8243; _module_preset=&#8221;default&#8221; hover_enabled=&#8221;0&#8243; global_colors_info=&#8221;{}&#8221; theme_builder_area=&#8221;post_content&#8221; sticky_enabled=&#8221;0&#8243;]<\/p>\n<div class=\"x_gmail_default\">\n<div class=\"x_gmail_default\" data-olk-copy-source=\"MessageBody\">\n<p>Dragi svi,<\/p>\n<p>obavje\u0161tavamo vas da jo\u0161 ima slobodnih mjesta na vipassana meditacijskom povla\u010denju koje \u0107e se odr\u017eati u Vratima od 5-8.12.2024.<\/p>\n<p>U slu\u010daju da vam trebaju dodatne informacije ili se \u017eelite prijaviti molimo vas pi\u0161ite Ines na <a href=\"mailto:meditacija.m@gmail.com\">meditacija.m@gmail.com<\/a><\/p>\n<p>Svako dobro \ud83d\udc95<\/p>\n<p><a data-auth=\"NotApplicable\" rel=\"noopener noreferrer\" target=\"_blank\" href=\"https:\/\/mega.nz\/file\/SFomQQRB#Lh5s_kCaXuqYCOKjX-Y8YcZDZWMBwYBJ5-DS3lC61q0\" title=\"https:\/\/mega.nz\/file\/SFomQQRB#Lh5s_kCaXuqYCOKjX-Y8YcZDZWMBwYBJ5-DS3lC61q0\" data-linkindex=\"1\">https:\/\/mega.nz\/file\/SFomQQRB#Lh5s_kCaXuqYCOKjX-Y8YcZDZWMBwYBJ5-DS3lC61q0<\/a><\/p>\n<\/div>\n<\/div>\n<p>[\/et_pb_text][\/et_pb_column][\/et_pb_row][\/et_pb_section]<\/p>\n","protected":false},"excerpt":{"rendered":"<p>Dragi svi, obavje\u0161tavamo vas da jo\u0161 ima slobodnih mjesta na vipassana meditacijskom povla\u010denju koje \u0107e se odr\u017eati u Vratima od 5-8.12.2024. U slu\u010daju da vam trebaju dodatne informacije ili se \u017eelite prijaviti molimo vas pi\u0161ite Ines na meditacija.m@gmail.com Svako dobro \ud83d\udc95 https:\/\/mega.nz\/file\/SFomQQRB#Lh5s_kCaXuqYCOKjX-Y8YcZDZWMBwYBJ5-DS3lC61q0<\/p>\n","protected":false},"author":1,"featured_media":0,"comment_status":"closed","ping_status":"open","sticky":false,"template":"","format":"standard","meta":{"_et_pb_use_builder":"on","_et_pb_old_content":"","_et_gb_content_width":"","footnotes":""},"categories":[11],"tags":[],"class_list":["post-479","post","type-post","status-publish","format-standard","hentry","category-obavijesti"],"_links":{"self":[{"href":"https:\/\/meditacija-m.com\/index.php\/wp-json\/wp\/v2\/posts\/479","targetHints":{"allow":["GET"]}}],"collection":[{"href":"https:\/\/meditacija-m.com\/index.php\/wp-json\/wp\/v2\/posts"}],"about":[{"href":"https:\/\/meditacija-m.com\/index.php\/wp-json\/wp\/v2\/types\/post"}],"author":[{"embeddable":true,"href":"https:\/\/meditacija-m.com\/index.php\/wp-json\/wp\/v2\/users\/1"}],"replies":[{"embeddable":true,"href":"https:\/\/meditacija-m.com\/index.php\/wp-json\/wp\/v2\/comments?post=479"}],"version-history":[{"count":2,"href":"https:\/\/meditacija-m.com\/index.php\/wp-json\/wp\/v2\/posts\/479\/revisions"}],"predecessor-version":[{"id":481,"href":"https:\/\/meditacija-m.com\/index.php\/wp-json\/wp\/v2\/posts\/479\/revisions\/481"}],"wp:attachment":[{"href":"https:\/\/meditacija-m.com\/index.php\/wp-json\/wp\/v2\/media?parent=479"}],"wp:term":[{"taxonomy":"category","embeddable":true,"href":"https:\/\/meditacija-m.com\/index.php\/wp-json\/wp\/v2\/categories?post=479"},{"taxonomy":"post_tag","embeddable":true,"href":"https:\/\/meditacija-m.com\/index.php\/wp-json\/wp\/v2\/tags?post=479"}],"curies":[{"name":"wp","href":"https:\/\/api.w.org\/{rel}","templated":true}]}}