{"id":579,"date":"2025-01-02T19:15:47","date_gmt":"2025-01-02T18:15:47","guid":{"rendered":"https:\/\/meditacija-m.com\/?p=579"},"modified":"2025-01-02T19:15:56","modified_gmt":"2025-01-02T18:15:56","slug":"uvodna-vipassana-radionica-u-apolon-yoga-centru","status":"publish","type":"post","link":"https:\/\/meditacija-m.com\/index.php\/2025\/01\/02\/uvodna-vipassana-radionica-u-apolon-yoga-centru\/","title":{"rendered":"Uvodna vipassana radionica u Apolon yoga centru"},"content":{"rendered":"<p>[et_pb_section fb_built=&#8221;1&#8243; _builder_version=&#8221;4.23.4&#8243; _module_preset=&#8221;default&#8221; custom_padding=&#8221;0px|||||&#8221; global_colors_info=&#8221;{}&#8221; theme_builder_area=&#8221;post_content&#8221;][et_pb_row _builder_version=&#8221;4.23.4&#8243; _module_preset=&#8221;default&#8221; global_colors_info=&#8221;{}&#8221; theme_builder_area=&#8221;post_content&#8221;][et_pb_column type=&#8221;4_4&#8243; _builder_version=&#8221;4.23.4&#8243; _module_preset=&#8221;default&#8221; global_colors_info=&#8221;{}&#8221; theme_builder_area=&#8221;post_content&#8221;][et_pb_text _builder_version=&#8221;4.27.0&#8243; _module_preset=&#8221;default&#8221; hover_enabled=&#8221;0&#8243; global_colors_info=&#8221;{}&#8221; theme_builder_area=&#8221;post_content&#8221; sticky_enabled=&#8221;0&#8243;]<\/p>\n<div class=\"x_gmail_default\">\n<div class=\"x_gmail_default\" data-olk-copy-source=\"MessageBody\">\n<div class=\"x_gmail_default\" data-olk-copy-source=\"MessageBody\">\n<div class=\"x_gmail_default\" data-olk-copy-source=\"MessageBody\">\n<div class=\"x_gmail_default\">\n<p><span>Dragi svi,\u00a0<\/span><\/p>\n<p><span>obavje\u0161tavamo vas da \u0107e Mislav 11. i 12. sije\u010dnja 2025. od 10-13h odr\u017eati uvodnu vipassana radionicu u Apolon yoga centru u Nem\u010di\u0107evoj 2\/IV, Zagreb.<\/span><\/p>\n<p><a data-auth=\"NotApplicable\" rel=\"noopener noreferrer\" target=\"_blank\" href=\"https:\/\/gmail.us20.list-manage.com\/track\/click?u=ac368eb990796dff1b51bea29&amp;id=cd8be8fefc&amp;e=9ebcdda679\" title=\"https:\/\/gmail.us20.list-manage.com\/track\/click?u=ac368eb990796dff1b51bea29&amp;id=cd8be8fefc&amp;e=9ebcdda679\" data-linkindex=\"0\">Link za prijavu<\/a><\/p>\n<\/div>\n<\/div>\n<\/div>\n<\/div>\n<\/div>\n<p>[\/et_pb_text][\/et_pb_column][\/et_pb_row][\/et_pb_section]<\/p>\n","protected":false},"excerpt":{"rendered":"<p>Dragi svi,\u00a0 obavje\u0161tavamo vas da \u0107e Mislav 11. i 12. sije\u010dnja 2025. od 10-13h odr\u017eati uvodnu vipassana radionicu u Apolon yoga centru u Nem\u010di\u0107evoj 2\/IV, Zagreb. Link za prijavu<\/p>\n","protected":false},"author":1,"featured_media":0,"comment_status":"closed","ping_status":"open","sticky":false,"template":"","format":"standard","meta":{"_et_pb_use_builder":"on","_et_pb_old_content":"","_et_gb_content_width":"","footnotes":""},"categories":[11],"tags":[],"class_list":["post-579","post","type-post","status-publish","format-standard","hentry","category-obavijesti"],"_links":{"self":[{"href":"https:\/\/meditacija-m.com\/index.php\/wp-json\/wp\/v2\/posts\/579","targetHints":{"allow":["GET"]}}],"collection":[{"href":"https:\/\/meditacija-m.com\/index.php\/wp-json\/wp\/v2\/posts"}],"about":[{"href":"https:\/\/meditacija-m.com\/index.php\/wp-json\/wp\/v2\/types\/post"}],"author":[{"embeddable":true,"href":"https:\/\/meditacija-m.com\/index.php\/wp-json\/wp\/v2\/users\/1"}],"replies":[{"embeddable":true,"href":"https:\/\/meditacija-m.com\/index.php\/wp-json\/wp\/v2\/comments?post=579"}],"version-history":[{"count":2,"href":"https:\/\/meditacija-m.com\/index.php\/wp-json\/wp\/v2\/posts\/579\/revisions"}],"predecessor-version":[{"id":581,"href":"https:\/\/meditacija-m.com\/index.php\/wp-json\/wp\/v2\/posts\/579\/revisions\/581"}],"wp:attachment":[{"href":"https:\/\/meditacija-m.com\/index.php\/wp-json\/wp\/v2\/media?parent=579"}],"wp:term":[{"taxonomy":"category","embeddable":true,"href":"https:\/\/meditacija-m.com\/index.php\/wp-json\/wp\/v2\/categories?post=579"},{"taxonomy":"post_tag","embeddable":true,"href":"https:\/\/meditacija-m.com\/index.php\/wp-json\/wp\/v2\/tags?post=579"}],"curies":[{"name":"wp","href":"https:\/\/api.w.org\/{rel}","templated":true}]}}