{"id":583,"date":"2025-01-03T17:48:29","date_gmt":"2025-01-03T16:48:29","guid":{"rendered":"https:\/\/meditacija-m.com\/?p=583"},"modified":"2025-01-03T17:48:35","modified_gmt":"2025-01-03T16:48:35","slug":"najava-povlacenja-13-16-2-2025","status":"publish","type":"post","link":"https:\/\/meditacija-m.com\/index.php\/2025\/01\/03\/najava-povlacenja-13-16-2-2025\/","title":{"rendered":"Najava povla\u010denja 13. &#8211; 16.2.2025"},"content":{"rendered":"<p>[et_pb_section fb_built=&#8221;1&#8243; _builder_version=&#8221;4.23.4&#8243; _module_preset=&#8221;default&#8221; custom_padding=&#8221;0px|||||&#8221; global_colors_info=&#8221;{}&#8221; theme_builder_area=&#8221;post_content&#8221;][et_pb_row _builder_version=&#8221;4.23.4&#8243; _module_preset=&#8221;default&#8221; global_colors_info=&#8221;{}&#8221; theme_builder_area=&#8221;post_content&#8221;][et_pb_column type=&#8221;4_4&#8243; _builder_version=&#8221;4.23.4&#8243; _module_preset=&#8221;default&#8221; global_colors_info=&#8221;{}&#8221; theme_builder_area=&#8221;post_content&#8221;][et_pb_text _builder_version=&#8221;4.27.0&#8243; _module_preset=&#8221;default&#8221; hover_enabled=&#8221;0&#8243; global_colors_info=&#8221;{}&#8221; theme_builder_area=&#8221;post_content&#8221; sticky_enabled=&#8221;0&#8243;]<\/p>\n<div class=\"x_gmail_default\">\n<div class=\"x_gmail_default\" data-olk-copy-source=\"MessageBody\">\n<div class=\"x_gmail_default\" data-olk-copy-source=\"MessageBody\">\n<div class=\"x_gmail_default\" data-olk-copy-source=\"MessageBody\">\n<div class=\"x_gmail_default\">\n<p><span>Dragi svi,\u00a0<\/span><\/p>\n<p><span>obavje\u0161tavamo vas da \u0107e se od 13. &#8211; 16.2.2025. odr\u017eati vipassana meditacijsko povla\u010denje s Mislavom na imanju Ekodrom, u Vojni\u0107u. Napominjemo da u slu\u010daju potrebe postoji mogu\u0107nost stipendiranja.<\/span><\/p>\n<p><span>Za prijavu na povla\u010denje te odabir smje\u0161taja kliknite ovdje:\u00a0<\/span><br \/><a href=\"https:\/\/forms.gle\/tvyS4xtT2weLn3FZ7\" target=\"_blank\" rel=\"noopener\">Prijava na povla\u010denje<\/a><\/p>\n<p><span>Za informacije o povla\u010denju i uputama za uplatu kliknite ovdje:<\/span><br \/><a href=\"https:\/\/docs.google.com\/document\/d\/1yQ7gz4paTdMVDTyXCYyVHWh2QLBH8liphUpWd6Plv0U\/edit?usp=sharing\" target=\"_blank\" rel=\"noopener\">Info o povla\u010denju<\/a><\/p>\n<p><span>Za sva pitanja molimo vas da pi\u0161ete organizatorici povla\u010denja Ines na\u00a0<\/span><a href=\"mailto:meditacija.m@gmail.com\" target=\"_blank\" rel=\"noopener\">meditacija.m@gmail.com<\/a><\/p>\n<p><span>Svako dobro \ud83d\udc95<\/span><\/p>\n<\/div>\n<\/div>\n<\/div>\n<\/div>\n<\/div>\n<p>[\/et_pb_text][\/et_pb_column][\/et_pb_row][\/et_pb_section]<\/p>\n","protected":false},"excerpt":{"rendered":"<p>Dragi svi,\u00a0 obavje\u0161tavamo vas da \u0107e se od 13. &#8211; 16.2.2025. odr\u017eati vipassana meditacijsko povla\u010denje s Mislavom na imanju Ekodrom, u Vojni\u0107u. Napominjemo da u slu\u010daju potrebe postoji mogu\u0107nost stipendiranja. Za prijavu na povla\u010denje te odabir smje\u0161taja kliknite ovdje:\u00a0Prijava na povla\u010denje Za informacije o povla\u010denju i uputama za uplatu kliknite ovdje:Info o povla\u010denju Za sva [&hellip;]<\/p>\n","protected":false},"author":1,"featured_media":0,"comment_status":"closed","ping_status":"open","sticky":false,"template":"","format":"standard","meta":{"_et_pb_use_builder":"on","_et_pb_old_content":"","_et_gb_content_width":"","footnotes":""},"categories":[11,10],"tags":[],"class_list":["post-583","post","type-post","status-publish","format-standard","hentry","category-obavijesti","category-povlacenja"],"_links":{"self":[{"href":"https:\/\/meditacija-m.com\/index.php\/wp-json\/wp\/v2\/posts\/583","targetHints":{"allow":["GET"]}}],"collection":[{"href":"https:\/\/meditacija-m.com\/index.php\/wp-json\/wp\/v2\/posts"}],"about":[{"href":"https:\/\/meditacija-m.com\/index.php\/wp-json\/wp\/v2\/types\/post"}],"author":[{"embeddable":true,"href":"https:\/\/meditacija-m.com\/index.php\/wp-json\/wp\/v2\/users\/1"}],"replies":[{"embeddable":true,"href":"https:\/\/meditacija-m.com\/index.php\/wp-json\/wp\/v2\/comments?post=583"}],"version-history":[{"count":2,"href":"https:\/\/meditacija-m.com\/index.php\/wp-json\/wp\/v2\/posts\/583\/revisions"}],"predecessor-version":[{"id":585,"href":"https:\/\/meditacija-m.com\/index.php\/wp-json\/wp\/v2\/posts\/583\/revisions\/585"}],"wp:attachment":[{"href":"https:\/\/meditacija-m.com\/index.php\/wp-json\/wp\/v2\/media?parent=583"}],"wp:term":[{"taxonomy":"category","embeddable":true,"href":"https:\/\/meditacija-m.com\/index.php\/wp-json\/wp\/v2\/categories?post=583"},{"taxonomy":"post_tag","embeddable":true,"href":"https:\/\/meditacija-m.com\/index.php\/wp-json\/wp\/v2\/tags?post=583"}],"curies":[{"name":"wp","href":"https:\/\/api.w.org\/{rel}","templated":true}]}}